{"id":1243,"date":"2011-12-20T20:51:48","date_gmt":"2011-12-20T12:51:48","guid":{"rendered":"https:\/\/odireitoonline.com\/?p=1243"},"modified":"2016-06-01T19:19:14","modified_gmt":"2016-06-01T11:19:14","slug":"reforma-do-codigo-do-processo-civil-portugues-ch","status":"publish","type":"post","link":"https:\/\/odireitoonline.com\/zh\/reforma-do-codigo-do-processo-civil-portugues-ch.html","title":{"rendered":"\u8461\u570b\u6c11\u4e8b\u8a34\u8a1f\u6cd5\u5178\u7684\u4fee\u6539"},"content":{"rendered":"<p>\u8fd1\u671f\uff0c\u6c11\u4e8b\u8a34\u8a1f\u6cd5\u5178\u4fee\u6539\u59d4\u54e1\u6703\u628a\u6c11\u4e8b\u8a34\u8a1f\u6cd5\u5178\u7684\u4fee\u8a02\u5efa\u8b70\u9001\u4ea4\u8461\u570b\u53f8\u6cd5\u90e8\u90e8\u9577\u3002<\/p>\n<p>\u5176\u63d0\u51fa\u7684\u5176\u4e2d\u4e00\u9805\u5efa\u8b70\u4fee\u6539\u662f\u8981\u53d6\u6d88\u6700\u7c21\u6613\u8a34\u8a1f\u7a0b\u5e8f\u3002<\/p>\n<p>\u5728\u6fb3\u9580\uff0c\u7c21\u6613\u8a34\u8a1f\u7a0b\u5e8f\u65e9\u65bc\u4e00\u4e5d\u4e5d\u4e5d\u5e74\u6838\u51c6\u6fb3\u9580\u6c11\u4e8b\u8a34\u8a1f\u6cd5\u5178\u6642\u5df2\u88ab\u53d6\u6d88\u65bc\u8a72\u6cd5\u5178\u5167\u3002<\/p>\n<p><a href=\"https:\/\/odireitoonline.com\/zh\/producao-legislativa.html\/\" target=\"_blank\">\u5f9e\u904e\u5f80\u767c\u8868\u7684\u4e00\u7bc7\u6587\u7ae0\u88cf<\/a>\uff0c \u6211\u5011\u63d0\u5230\u4e00\u4e9b\u6fb3\u9580\u73fe\u884c\u7684\u6cd5\u5178\u662f\u5207\u5408\u672c\u5730\u5be6\u969b\u60c5\u6cc1\u7684\uff0c\u5982\u679c\u8ddf\u5176\u4ed6\u570b\u5bb6\u7684\u6cd5\u5f8b\u9032\u884c\u6bd4\u8f03\uff0c\u5b83\u5011\u5177\u6709\u5f88\u591a\u5275\u65b0\u7684\u898f\u5b9a\u3002<!--more-->\u5176\u6642\u63d0\u5230\u7684\u5982\u6709\u300a\u6c11\u6cd5\u5178\u300b\u898f\u5b9a\u7684\u4e8b\u5be6\u5a5a\u5236\u5ea6\uff0c \u5c31\u6709\u5225\u65bc\u8461\u570b\u5236\u5ea6\uff0c\u53c8\u6216\u8005\u6709\u5225\u65bc\u7b2c\u4e09\u767e\u4e00\u5341\u4e00\u689d\u7b2c\u4e00\u6b3eC\u9805\u6240\u898f\u5b9a\u7684\u89e3\u51b3\u65b9\u6cd5\uff0c\u53c3\u770bJo\u00e3o Leal Amado \u6559\u6388\u7684<a href=\"https:\/\/odireitoonline.com\/zh\/a-retribuicao-e-a-lei-das-relacoes-de-trabalho-de-macau-hesitacoes-e-conviccoes-de-um-jurista-lusitano.html\/\" target=\"_blank\">Comunica\u00e7\u00e3o<\/a>\u7684\u7b2c\u4e94\u9ede\u3002<\/p>\n<p>\u540c\u6642\u63d0\u5230\uff0c\u7ffb\u95b1\u4e0a\u8ff0\u5404\u6cd5\u5178\u7684\u7406\u7531\u9673\u8ff0\uff0c\u4fbf\u53ef\u5c0d\u89e3\u6c7a\u65b9\u6cd5\u53ca\u5f15\u5165\u5275\u65b0\u65b9\u9762\u5f97\u51fa\u4e00\u500b\u5b8c\u6574\u7684\u7406\u89e3\u3002<\/p>\n<p>\u300a\u6c11 \u4e8b\u8a34\u8a1f\u6cd5\u5178\u300b\u65bc\u4e00\u4e5d\u4e5d\u4e5d\u5e74\u6838\u51c6\uff0c\u7576\u6642\u7684\u53f8\u6cd5\u653f\u52d9\u53f8\u70ba\u856d\u5049\u83ef(Jorge Noronha e Silveira)\uff0c\u4ed6\u65bc1988\u81f31990\u5b78\u5e74\u9593\u5728\u6fb3\u9580\u5927\u5b78\u6cd5\u5b78\u9662\u6559\u6388\u61b2\u6cd5\u3002\u53c3\u8207\u5236\u5b9a\u8a72\u6cd5\u5178\u7684\u6709\u6cd5\u5b98\u8607\u6587\u9f8d(Jos\u00e9 Manuel Borges Soeiro)\u3001\u73fe\u70ba\u7d42\u5be9\u6cd5\u9662\u6cd5\u5b98\u5229\u99ac(Viriato Pinheiro de Lima)\u3001\u6aa2\u5bdf\u5b98\u5b8b\u654f\u8389\u3001\u6fb3\u9580\u5927\u5b78\u6cd5\u5b78\u9662\u6559\u6388C\u00e2ndida Pires (\u5f9e1988\/89\u5b78\u5e74\u958b\u59cb\u5df2\u5728\u6b64\u6388\u8ab2\uff0c\u66fe\u8b1b\u6388\u6c11\u4e8b\u8a34\u8a1f\u8ab2\u7a0b)\uff0c\u9084\u6709\u6cd5\u5b98\u6881\u795d\u9e97\u53ca\u6559\u6388\u6c88\u632f\u8000\uff0c\u5169\u4eba\u5747\u7562\u696d\u65bc\u6fb3\u9580\u5927\u5b78\u6cd5\u5b78\u9662\u672c\u79d1\u8ab2\u7a0b\u3002<\/p>\n<p>\u6c88\u632f\u8000\u73fe\u70ba\u6fb3\u9580\u5927\u5b78\u6cd5\u5b78\u9662\u4e2d\u6587\u6cd5\u5f8b\u5211\u6cd5\u8ab2\u7a0b\u7684\u6559\u6388\uff0c\u76f4\u81f32000\u5e74\u6cd5\u5f8b\u7ffb\u8b6f\u8fa6\u516c\u5ba4\u89e3\u6563\u524d\uff0c\u4e00\u76f4\u64d4\u4efb\u8a72\u8fa6\u516c\u5ba4\u7684\u5354\u8abf\u54e1\uff0c\u4e26\u65bc2005\u5e74\u81f32009\u5e74\u671f\u9593\u7372\u59d4\u4efb\u70ba\u7acb\u6cd5\u8b70\u54e1\u3002<\/p>\n<p>20\/12\/2011<\/p>","protected":false},"excerpt":{"rendered":"<p>\u8fd1\u671f\uff0c\u6c11\u4e8b\u8a34\u8a1f\u6cd5\u5178\u4fee\u6539\u59d4\u54e1\u6703\u628a\u6c11\u4e8b\u8a34\u8a1f\u6cd5\u5178\u7684\u4fee\u8a02\u5efa\u8b70\u9001\u4ea4\u8461\u570b\u53f8\u6cd5\u90e8\u90e8\u9577\u3002 \u5176\u63d0\u51fa\u7684\u5176\u4e2d\u4e00\u9805\u5efa\u8b70\u4fee\u6539\u662f\u8981\u53d6\u6d88\u6700\u7c21\u6613\u8a34\u8a1f\u7a0b\u5e8f\u3002 \u5728\u6fb3\u9580\uff0c\u7c21\u6613\u8a34\u8a1f\u7a0b\u5e8f\u65e9\u65bc\u4e00\u4e5d\u4e5d\u4e5d\u5e74\u6838\u51c6\u6fb3\u9580\u6c11\u4e8b\u8a34\u8a1f\u6cd5\u5178\u6642\u5df2\u88ab\u53d6\u6d88\u65bc\u8a72\u6cd5\u5178\u5167\u3002 \u5f9e\u904e\u5f80\u767c\u8868\u7684\u4e00\u7bc7\u6587\u7ae0\u88cf\uff0c \u6211\u5011\u63d0\u5230\u4e00\u4e9b\u6fb3\u9580\u73fe\u884c\u7684\u6cd5\u5178\u662f\u5207\u5408\u672c\u5730\u5be6\u969b\u60c5\u6cc1\u7684\uff0c\u5982\u679c\u8ddf\u5176\u4ed6\u570b\u5bb6\u7684\u6cd5\u5f8b\u9032\u884c\u6bd4\u8f03\uff0c\u5b83\u5011\u5177\u6709\u5f88\u591a\u5275\u65b0\u7684\u898f\u5b9a\u3002<\/p>","protected":false},"author":2,"featured_media":0,"comment_status":"closed","ping_status":"open","sticky":false,"template":"","format":"standard","meta":{"_jetpack_memberships_contains_paid_content":false,"footnotes":""},"categories":[2189],"tags":[2210],"class_list":["post-1243","post","type-post","status-publish","format-standard","hentry","category-artigos-em-chines","tag-2011-zh"],"yoast_head":"<!-- This site is optimized with the Yoast SEO plugin v27.4 - https:\/\/yoast.com\/product\/yoast-seo-wordpress\/ -->\n<title>\u8461\u570b\u6c11\u4e8b\u8a34\u8a1f\u6cd5\u5178\u7684\u4fee\u6539 - O DIREITO ONLINE \u6cd5<\/title>\n<meta name=\"description\" content=\"macau, direito, justi\u00e7a, jurisprud\u00eancia, hist\u00f3ria, direitos humanos, direito do trabalho, menores, direito de manifesta\u00e7\u00e3o, direito \u00e0 identidade, actualidade, doutrina, menores, jogo, pareceres, tribunal constitucional, tribunal de justi\u00e7a da UE, tribunal de segunda inst\u00e2ncia, entrevistas, \u4e2d\u6587\u6587\u7ae0\" \/>\n<meta name=\"robots\" content=\"index, follow, max-snippet:-1, max-image-preview:large, max-video-preview:-1\" \/>\n<link rel=\"canonical\" href=\"https:\/\/odireitoonline.com\/zh\/reforma-do-codigo-do-processo-civil-portugues-ch.html\" \/>\n<meta property=\"og:locale\" content=\"zh_CN\" \/>\n<meta property=\"og:type\" content=\"article\" \/>\n<meta property=\"og:title\" content=\"\u8461\u570b\u6c11\u4e8b\u8a34\u8a1f\u6cd5\u5178\u7684\u4fee\u6539 - O DIREITO ONLINE \u6cd5\" \/>\n<meta property=\"og:description\" content=\"macau, direito, justi\u00e7a, jurisprud\u00eancia, hist\u00f3ria, direitos humanos, direito do trabalho, menores, direito de manifesta\u00e7\u00e3o, direito \u00e0 identidade, actualidade, doutrina, menores, jogo, pareceres, tribunal constitucional, tribunal de justi\u00e7a da UE, tribunal de segunda inst\u00e2ncia, entrevistas, \u4e2d\u6587\u6587\u7ae0\" \/>\n<meta property=\"og:url\" content=\"https:\/\/odireitoonline.com\/zh\/reforma-do-codigo-do-processo-civil-portugues-ch.html\" \/>\n<meta property=\"og:site_name\" content=\"O DIREITO ONLINE \u6cd5\" \/>\n<meta property=\"article:published_time\" content=\"2011-12-20T12:51:48+00:00\" \/>\n<meta property=\"article:modified_time\" content=\"2016-06-01T11:19:14+00:00\" \/>\n<meta name=\"author\" content=\"_____\" \/>\n<meta name=\"twitter:card\" content=\"summary_large_image\" \/>\n<meta name=\"twitter:label1\" content=\"Written by\" \/>\n\t<meta name=\"twitter:data1\" content=\"_____\" \/>\n<script type=\"application\/ld+json\" class=\"yoast-schema-graph\">{\"@context\":\"https:\\\/\\\/schema.org\",\"@graph\":[{\"@type\":\"Article\",\"@id\":\"https:\\\/\\\/odireitoonline.com\\\/zh\\\/reforma-do-codigo-do-processo-civil-portugues-ch.html#article\",\"isPartOf\":{\"@id\":\"https:\\\/\\\/odireitoonline.com\\\/zh\\\/reforma-do-codigo-do-processo-civil-portugues-ch.html\"},\"author\":{\"name\":\"_____\",\"@id\":\"https:\\\/\\\/odireitoonline.com\\\/zh\\\/#\\\/schema\\\/person\\\/165ed568c1766113d3dd9cd761da78ee\"},\"headline\":\"\u8461\u570b\u6c11\u4e8b\u8a34\u8a1f\u6cd5\u5178\u7684\u4fee\u6539\",\"datePublished\":\"2011-12-20T12:51:48+00:00\",\"dateModified\":\"2016-06-01T11:19:14+00:00\",\"mainEntityOfPage\":{\"@id\":\"https:\\\/\\\/odireitoonline.com\\\/zh\\\/reforma-do-codigo-do-processo-civil-portugues-ch.html\"},\"wordCount\":22,\"publisher\":{\"@id\":\"https:\\\/\\\/odireitoonline.com\\\/zh\\\/#\\\/schema\\\/person\\\/165ed568c1766113d3dd9cd761da78ee\"},\"keywords\":[\"2011\"],\"articleSection\":[\"\u4e2d\u6587\u6587\u7ae0\"],\"inLanguage\":\"zh-CN\"},{\"@type\":\"WebPage\",\"@id\":\"https:\\\/\\\/odireitoonline.com\\\/zh\\\/reforma-do-codigo-do-processo-civil-portugues-ch.html\",\"url\":\"https:\\\/\\\/odireitoonline.com\\\/zh\\\/reforma-do-codigo-do-processo-civil-portugues-ch.html\",\"name\":\"\u8461\u570b\u6c11\u4e8b\u8a34\u8a1f\u6cd5\u5178\u7684\u4fee\u6539 - O DIREITO ONLINE \u6cd5\",\"isPartOf\":{\"@id\":\"https:\\\/\\\/odireitoonline.com\\\/zh\\\/#website\"},\"datePublished\":\"2011-12-20T12:51:48+00:00\",\"dateModified\":\"2016-06-01T11:19:14+00:00\",\"description\":\"macau, direito, justi\u00e7a, jurisprud\u00eancia, hist\u00f3ria, direitos humanos, direito do trabalho, menores, direito de manifesta\u00e7\u00e3o, direito \u00e0 identidade, actualidade, doutrina, menores, jogo, pareceres, tribunal constitucional, tribunal de justi\u00e7a da UE, tribunal de segunda inst\u00e2ncia, entrevistas, \u4e2d\u6587\u6587\u7ae0\",\"breadcrumb\":{\"@id\":\"https:\\\/\\\/odireitoonline.com\\\/zh\\\/reforma-do-codigo-do-processo-civil-portugues-ch.html#breadcrumb\"},\"inLanguage\":\"zh-CN\",\"potentialAction\":[{\"@type\":\"ReadAction\",\"target\":[\"https:\\\/\\\/odireitoonline.com\\\/zh\\\/reforma-do-codigo-do-processo-civil-portugues-ch.html\"]}]},{\"@type\":\"BreadcrumbList\",\"@id\":\"https:\\\/\\\/odireitoonline.com\\\/zh\\\/reforma-do-codigo-do-processo-civil-portugues-ch.html#breadcrumb\",\"itemListElement\":[{\"@type\":\"ListItem\",\"position\":1,\"name\":\"\u4e3b\u9801\",\"item\":\"https:\\\/\\\/odireitoonline.com\\\/zh\\\/direito-online-ch\"},{\"@type\":\"ListItem\",\"position\":2,\"name\":\"\u8461\u570b\u6c11\u4e8b\u8a34\u8a1f\u6cd5\u5178\u7684\u4fee\u6539\"}]},{\"@type\":\"WebSite\",\"@id\":\"https:\\\/\\\/odireitoonline.com\\\/zh\\\/#website\",\"url\":\"https:\\\/\\\/odireitoonline.com\\\/zh\\\/\",\"name\":\"O DIREITO ONLINE \u6cd5\",\"description\":\"\",\"publisher\":{\"@id\":\"https:\\\/\\\/odireitoonline.com\\\/zh\\\/#\\\/schema\\\/person\\\/165ed568c1766113d3dd9cd761da78ee\"},\"potentialAction\":[{\"@type\":\"SearchAction\",\"target\":{\"@type\":\"EntryPoint\",\"urlTemplate\":\"https:\\\/\\\/odireitoonline.com\\\/zh\\\/?s={search_term_string}\"},\"query-input\":{\"@type\":\"PropertyValueSpecification\",\"valueRequired\":true,\"valueName\":\"search_term_string\"}}],\"inLanguage\":\"zh-CN\"},{\"@type\":[\"Person\",\"Organization\"],\"@id\":\"https:\\\/\\\/odireitoonline.com\\\/zh\\\/#\\\/schema\\\/person\\\/165ed568c1766113d3dd9cd761da78ee\",\"name\":\"_____\",\"image\":{\"@type\":\"ImageObject\",\"inLanguage\":\"zh-CN\",\"@id\":\"https:\\\/\\\/secure.gravatar.com\\\/avatar\\\/571298a89f146ad2bb97e09971285bd719e64f9796558670ef76424a1dd29ad1?s=96&d=mm&r=g\",\"url\":\"https:\\\/\\\/secure.gravatar.com\\\/avatar\\\/571298a89f146ad2bb97e09971285bd719e64f9796558670ef76424a1dd29ad1?s=96&d=mm&r=g\",\"contentUrl\":\"https:\\\/\\\/secure.gravatar.com\\\/avatar\\\/571298a89f146ad2bb97e09971285bd719e64f9796558670ef76424a1dd29ad1?s=96&d=mm&r=g\",\"caption\":\"_____\"},\"logo\":{\"@id\":\"https:\\\/\\\/secure.gravatar.com\\\/avatar\\\/571298a89f146ad2bb97e09971285bd719e64f9796558670ef76424a1dd29ad1?s=96&d=mm&r=g\"},\"sameAs\":[\"https:\\\/\\\/odireitoonline.com\"],\"url\":\"https:\\\/\\\/odireitoonline.com\\\/zh\\\/author\\\/carlos-veiga\"}]}<\/script>\n<!-- \/ Yoast SEO plugin. -->","yoast_head_json":{"title":"\u8461\u570b\u6c11\u4e8b\u8a34\u8a1f\u6cd5\u5178\u7684\u4fee\u6539 - O DIREITO ONLINE \u6cd5","description":"macau, direito, justi\u00e7a, jurisprud\u00eancia, hist\u00f3ria, direitos humanos, direito do trabalho, menores, direito de manifesta\u00e7\u00e3o, direito \u00e0 identidade, actualidade, doutrina, menores, jogo, pareceres, tribunal constitucional, tribunal de justi\u00e7a da UE, tribunal de segunda inst\u00e2ncia, entrevistas, \u4e2d\u6587\u6587\u7ae0","robots":{"index":"index","follow":"follow","max-snippet":"max-snippet:-1","max-image-preview":"max-image-preview:large","max-video-preview":"max-video-preview:-1"},"canonical":"https:\/\/odireitoonline.com\/zh\/reforma-do-codigo-do-processo-civil-portugues-ch.html","og_locale":"zh_CN","og_type":"article","og_title":"\u8461\u570b\u6c11\u4e8b\u8a34\u8a1f\u6cd5\u5178\u7684\u4fee\u6539 - O DIREITO ONLINE \u6cd5","og_description":"macau, direito, justi\u00e7a, jurisprud\u00eancia, hist\u00f3ria, direitos humanos, direito do trabalho, menores, direito de manifesta\u00e7\u00e3o, direito \u00e0 identidade, actualidade, doutrina, menores, jogo, pareceres, tribunal constitucional, tribunal de justi\u00e7a da UE, tribunal de segunda inst\u00e2ncia, entrevistas, \u4e2d\u6587\u6587\u7ae0","og_url":"https:\/\/odireitoonline.com\/zh\/reforma-do-codigo-do-processo-civil-portugues-ch.html","og_site_name":"O DIREITO ONLINE \u6cd5","article_published_time":"2011-12-20T12:51:48+00:00","article_modified_time":"2016-06-01T11:19:14+00:00","author":"_____","twitter_card":"summary_large_image","twitter_misc":{"Written by":"_____"},"schema":{"@context":"https:\/\/schema.org","@graph":[{"@type":"Article","@id":"https:\/\/odireitoonline.com\/zh\/reforma-do-codigo-do-processo-civil-portugues-ch.html#article","isPartOf":{"@id":"https:\/\/odireitoonline.com\/zh\/reforma-do-codigo-do-processo-civil-portugues-ch.html"},"author":{"name":"_____","@id":"https:\/\/odireitoonline.com\/zh\/#\/schema\/person\/165ed568c1766113d3dd9cd761da78ee"},"headline":"\u8461\u570b\u6c11\u4e8b\u8a34\u8a1f\u6cd5\u5178\u7684\u4fee\u6539","datePublished":"2011-12-20T12:51:48+00:00","dateModified":"2016-06-01T11:19:14+00:00","mainEntityOfPage":{"@id":"https:\/\/odireitoonline.com\/zh\/reforma-do-codigo-do-processo-civil-portugues-ch.html"},"wordCount":22,"publisher":{"@id":"https:\/\/odireitoonline.com\/zh\/#\/schema\/person\/165ed568c1766113d3dd9cd761da78ee"},"keywords":["2011"],"articleSection":["\u4e2d\u6587\u6587\u7ae0"],"inLanguage":"zh-CN"},{"@type":"WebPage","@id":"https:\/\/odireitoonline.com\/zh\/reforma-do-codigo-do-processo-civil-portugues-ch.html","url":"https:\/\/odireitoonline.com\/zh\/reforma-do-codigo-do-processo-civil-portugues-ch.html","name":"\u8461\u570b\u6c11\u4e8b\u8a34\u8a1f\u6cd5\u5178\u7684\u4fee\u6539 - O DIREITO ONLINE \u6cd5","isPartOf":{"@id":"https:\/\/odireitoonline.com\/zh\/#website"},"datePublished":"2011-12-20T12:51:48+00:00","dateModified":"2016-06-01T11:19:14+00:00","description":"macau, direito, justi\u00e7a, jurisprud\u00eancia, hist\u00f3ria, direitos humanos, direito do trabalho, menores, direito de manifesta\u00e7\u00e3o, direito \u00e0 identidade, actualidade, doutrina, menores, jogo, pareceres, tribunal constitucional, tribunal de justi\u00e7a da UE, tribunal de segunda inst\u00e2ncia, entrevistas, \u4e2d\u6587\u6587\u7ae0","breadcrumb":{"@id":"https:\/\/odireitoonline.com\/zh\/reforma-do-codigo-do-processo-civil-portugues-ch.html#breadcrumb"},"inLanguage":"zh-CN","potentialAction":[{"@type":"ReadAction","target":["https:\/\/odireitoonline.com\/zh\/reforma-do-codigo-do-processo-civil-portugues-ch.html"]}]},{"@type":"BreadcrumbList","@id":"https:\/\/odireitoonline.com\/zh\/reforma-do-codigo-do-processo-civil-portugues-ch.html#breadcrumb","itemListElement":[{"@type":"ListItem","position":1,"name":"\u4e3b\u9801","item":"https:\/\/odireitoonline.com\/zh\/direito-online-ch"},{"@type":"ListItem","position":2,"name":"\u8461\u570b\u6c11\u4e8b\u8a34\u8a1f\u6cd5\u5178\u7684\u4fee\u6539"}]},{"@type":"WebSite","@id":"https:\/\/odireitoonline.com\/zh\/#website","url":"https:\/\/odireitoonline.com\/zh\/","name":"\u5728\u7ebf\u6cd5\u5f8b","description":"","publisher":{"@id":"https:\/\/odireitoonline.com\/zh\/#\/schema\/person\/165ed568c1766113d3dd9cd761da78ee"},"potentialAction":[{"@type":"SearchAction","target":{"@type":"EntryPoint","urlTemplate":"https:\/\/odireitoonline.com\/zh\/?s={search_term_string}"},"query-input":{"@type":"PropertyValueSpecification","valueRequired":true,"valueName":"search_term_string"}}],"inLanguage":"zh-CN"},{"@type":["Person","Organization"],"@id":"https:\/\/odireitoonline.com\/zh\/#\/schema\/person\/165ed568c1766113d3dd9cd761da78ee","name":"_____","image":{"@type":"ImageObject","inLanguage":"zh-CN","@id":"https:\/\/secure.gravatar.com\/avatar\/571298a89f146ad2bb97e09971285bd719e64f9796558670ef76424a1dd29ad1?s=96&d=mm&r=g","url":"https:\/\/secure.gravatar.com\/avatar\/571298a89f146ad2bb97e09971285bd719e64f9796558670ef76424a1dd29ad1?s=96&d=mm&r=g","contentUrl":"https:\/\/secure.gravatar.com\/avatar\/571298a89f146ad2bb97e09971285bd719e64f9796558670ef76424a1dd29ad1?s=96&d=mm&r=g","caption":"_____"},"logo":{"@id":"https:\/\/secure.gravatar.com\/avatar\/571298a89f146ad2bb97e09971285bd719e64f9796558670ef76424a1dd29ad1?s=96&d=mm&r=g"},"sameAs":["https:\/\/odireitoonline.com"],"url":"https:\/\/odireitoonline.com\/zh\/author\/carlos-veiga"}]}},"jetpack_featured_media_url":"","jetpack_sharing_enabled":true,"_links":{"self":[{"href":"https:\/\/odireitoonline.com\/zh\/wp-json\/wp\/v2\/posts\/1243","targetHints":{"allow":["GET"]}}],"collection":[{"href":"https:\/\/odireitoonline.com\/zh\/wp-json\/wp\/v2\/posts"}],"about":[{"href":"https:\/\/odireitoonline.com\/zh\/wp-json\/wp\/v2\/types\/post"}],"author":[{"embeddable":true,"href":"https:\/\/odireitoonline.com\/zh\/wp-json\/wp\/v2\/users\/2"}],"replies":[{"embeddable":true,"href":"https:\/\/odireitoonline.com\/zh\/wp-json\/wp\/v2\/comments?post=1243"}],"version-history":[{"count":0,"href":"https:\/\/odireitoonline.com\/zh\/wp-json\/wp\/v2\/posts\/1243\/revisions"}],"wp:attachment":[{"href":"https:\/\/odireitoonline.com\/zh\/wp-json\/wp\/v2\/media?parent=1243"}],"wp:term":[{"taxonomy":"category","embeddable":true,"href":"https:\/\/odireitoonline.com\/zh\/wp-json\/wp\/v2\/categories?post=1243"},{"taxonomy":"post_tag","embeddable":true,"href":"https:\/\/odireitoonline.com\/zh\/wp-json\/wp\/v2\/tags?post=1243"}],"curies":[{"name":"wp","href":"https:\/\/api.w.org\/{rel}","templated":true}]}}